{"id":46,"date":"2020-10-25T19:15:30","date_gmt":"2020-10-25T18:15:30","guid":{"rendered":"http:\/\/einfachsabine.de\/?p=46"},"modified":"2020-11-02T18:18:17","modified_gmt":"2020-11-02T17:18:17","slug":"herbstlaub","status":"publish","type":"post","link":"http:\/\/einfachsabine.de\/?p=46","title":{"rendered":"Herbstlook in Gr\u00fcn"},"content":{"rendered":"\n<p>L\u00e4ssig und schick zugleich. Dieser Mantel passt zu allem. Ich trage ihn heute mit wei\u00dfer Bluse und einer high waist Hose ebenfalls in Gr\u00fcn.<\/p>\n\n\n\n<figure class=\"wp-block-image size-large\"><img loading=\"lazy\" width=\"683\" height=\"1024\" src=\"http:\/\/einfachsabine.de\/wp-content\/uploads\/2020\/10\/gruener-Mantel-2-683x1024.jpg\" alt=\"\" class=\"wp-image-124\" srcset=\"http:\/\/einfachsabine.de\/wp-content\/uploads\/2020\/10\/gruener-Mantel-2-683x1024.jpg 683w, http:\/\/einfachsabine.de\/wp-content\/uploads\/2020\/10\/gruener-Mantel-2-200x300.jpg 200w, http:\/\/einfachsabine.de\/wp-content\/uploads\/2020\/10\/gruener-Mantel-2-768x1152.jpg 768w, http:\/\/einfachsabine.de\/wp-content\/uploads\/2020\/10\/gruener-Mantel-2-1024x1536.jpg 1024w, http:\/\/einfachsabine.de\/wp-content\/uploads\/2020\/10\/gruener-Mantel-2-1365x2048.jpg 1365w, http:\/\/einfachsabine.de\/wp-content\/uploads\/2020\/10\/gruener-Mantel-2-460x690.jpg 460w, http:\/\/einfachsabine.de\/wp-content\/uploads\/2020\/10\/gruener-Mantel-2-scaled.jpg 1707w\" sizes=\"(max-width: 683px) 100vw, 683px\" \/><\/figure>\n\n\n\n<figure class=\"wp-block-image size-large\"><img loading=\"lazy\" width=\"683\" height=\"1024\" src=\"http:\/\/einfachsabine.de\/wp-content\/uploads\/2020\/10\/gruener-Mantel-3-683x1024.jpg\" alt=\"\" class=\"wp-image-187\" srcset=\"http:\/\/einfachsabine.de\/wp-content\/uploads\/2020\/10\/gruener-Mantel-3-683x1024.jpg 683w, http:\/\/einfachsabine.de\/wp-content\/uploads\/2020\/10\/gruener-Mantel-3-200x300.jpg 200w, http:\/\/einfachsabine.de\/wp-content\/uploads\/2020\/10\/gruener-Mantel-3-768x1152.jpg 768w, http:\/\/einfachsabine.de\/wp-content\/uploads\/2020\/10\/gruener-Mantel-3-1024x1536.jpg 1024w, http:\/\/einfachsabine.de\/wp-content\/uploads\/2020\/10\/gruener-Mantel-3-1365x2048.jpg 1365w, http:\/\/einfachsabine.de\/wp-content\/uploads\/2020\/10\/gruener-Mantel-3-460x690.jpg 460w, http:\/\/einfachsabine.de\/wp-content\/uploads\/2020\/10\/gruener-Mantel-3-scaled.jpg 1707w\" sizes=\"(max-width: 683px) 100vw, 683px\" \/><\/figure>\n","protected":false},"excerpt":{"rendered":"<p>L\u00e4ssig und schick zugleich. Dieser Mantel passt zu allem. Ich trage ihn heute mit wei\u00dfer Bluse und einer high waist Hose ebenfalls in&hellip;<\/p>\n","protected":false},"author":1,"featured_media":47,"comment_status":"open","ping_status":"open","sticky":false,"template":"","format":"standard","meta":[],"categories":[5],"tags":[],"_links":{"self":[{"href":"http:\/\/einfachsabine.de\/index.php?rest_route=\/wp\/v2\/posts\/46"}],"collection":[{"href":"http:\/\/einfachsabine.de\/index.php?rest_route=\/wp\/v2\/posts"}],"about":[{"href":"http:\/\/einfachsabine.de\/index.php?rest_route=\/wp\/v2\/types\/post"}],"author":[{"embeddable":true,"href":"http:\/\/einfachsabine.de\/index.php?rest_route=\/wp\/v2\/users\/1"}],"replies":[{"embeddable":true,"href":"http:\/\/einfachsabine.de\/index.php?rest_route=%2Fwp%2Fv2%2Fcomments&post=46"}],"version-history":[{"count":8,"href":"http:\/\/einfachsabine.de\/index.php?rest_route=\/wp\/v2\/posts\/46\/revisions"}],"predecessor-version":[{"id":349,"href":"http:\/\/einfachsabine.de\/index.php?rest_route=\/wp\/v2\/posts\/46\/revisions\/349"}],"wp:featuredmedia":[{"embeddable":true,"href":"http:\/\/einfachsabine.de\/index.php?rest_route=\/wp\/v2\/media\/47"}],"wp:attachment":[{"href":"http:\/\/einfachsabine.de\/index.php?rest_route=%2Fwp%2Fv2%2Fmedia&parent=46"}],"wp:term":[{"taxonomy":"category","embeddable":true,"href":"http:\/\/einfachsabine.de\/index.php?rest_route=%2Fwp%2Fv2%2Fcategories&post=46"},{"taxonomy":"post_tag","embeddable":true,"href":"http:\/\/einfachsabine.de\/index.php?rest_route=%2Fwp%2Fv2%2Ftags&post=46"}],"curies":[{"name":"wp","href":"https:\/\/api.w.org\/{rel}","templated":true}]}}