{"id":654,"date":"2020-12-04T23:25:09","date_gmt":"2020-12-04T22:25:09","guid":{"rendered":"http:\/\/einfachsabine.de\/?p=654"},"modified":"2020-12-04T23:30:01","modified_gmt":"2020-12-04T22:30:01","slug":"organza-im-alltag","status":"publish","type":"post","link":"http:\/\/einfachsabine.de\/?p=654","title":{"rendered":"Organza im Alltag"},"content":{"rendered":"\n<p>Eigentlich war der Rock bodenlang und f\u00fcr eine festliche Abendrobe gedacht. Ich habe ihn aber auf Midil\u00e4nge gek\u00fcrzt und so einen alltagstauglichen Rock erhalten. Mit einem grauen Strickpulli,  wie hier, wirkt er jetzt l\u00e4ssig aber dennoch chic. <\/p>\n\n\n\n<figure class=\"wp-block-image size-large\"><img loading=\"lazy\" width=\"683\" height=\"1024\" src=\"http:\/\/einfachsabine.de\/wp-content\/uploads\/2020\/12\/00064105-683x1024.jpg\" alt=\"\" class=\"wp-image-656\" srcset=\"http:\/\/einfachsabine.de\/wp-content\/uploads\/2020\/12\/00064105-683x1024.jpg 683w, http:\/\/einfachsabine.de\/wp-content\/uploads\/2020\/12\/00064105-200x300.jpg 200w, http:\/\/einfachsabine.de\/wp-content\/uploads\/2020\/12\/00064105-768x1152.jpg 768w, http:\/\/einfachsabine.de\/wp-content\/uploads\/2020\/12\/00064105-1024x1536.jpg 1024w, http:\/\/einfachsabine.de\/wp-content\/uploads\/2020\/12\/00064105-1365x2048.jpg 1365w, http:\/\/einfachsabine.de\/wp-content\/uploads\/2020\/12\/00064105-460x690.jpg 460w, http:\/\/einfachsabine.de\/wp-content\/uploads\/2020\/12\/00064105-scaled.jpg 1707w\" sizes=\"(max-width: 683px) 100vw, 683px\" \/><\/figure>\n\n\n\n<figure class=\"wp-block-image size-large\"><img loading=\"lazy\" width=\"683\" height=\"1024\" src=\"http:\/\/einfachsabine.de\/wp-content\/uploads\/2020\/12\/00064103-683x1024.jpg\" alt=\"\" class=\"wp-image-657\" srcset=\"http:\/\/einfachsabine.de\/wp-content\/uploads\/2020\/12\/00064103-683x1024.jpg 683w, http:\/\/einfachsabine.de\/wp-content\/uploads\/2020\/12\/00064103-200x300.jpg 200w, http:\/\/einfachsabine.de\/wp-content\/uploads\/2020\/12\/00064103-768x1152.jpg 768w, http:\/\/einfachsabine.de\/wp-content\/uploads\/2020\/12\/00064103-1024x1536.jpg 1024w, http:\/\/einfachsabine.de\/wp-content\/uploads\/2020\/12\/00064103-1365x2048.jpg 1365w, http:\/\/einfachsabine.de\/wp-content\/uploads\/2020\/12\/00064103-460x690.jpg 460w, http:\/\/einfachsabine.de\/wp-content\/uploads\/2020\/12\/00064103-scaled.jpg 1707w\" sizes=\"(max-width: 683px) 100vw, 683px\" \/><\/figure>\n\n\n\n<figure class=\"wp-block-image size-large\"><img loading=\"lazy\" width=\"683\" height=\"1024\" src=\"http:\/\/einfachsabine.de\/wp-content\/uploads\/2020\/12\/00064101-683x1024.jpg\" alt=\"\" class=\"wp-image-658\" srcset=\"http:\/\/einfachsabine.de\/wp-content\/uploads\/2020\/12\/00064101-683x1024.jpg 683w, http:\/\/einfachsabine.de\/wp-content\/uploads\/2020\/12\/00064101-200x300.jpg 200w, http:\/\/einfachsabine.de\/wp-content\/uploads\/2020\/12\/00064101-768x1152.jpg 768w, http:\/\/einfachsabine.de\/wp-content\/uploads\/2020\/12\/00064101-1024x1536.jpg 1024w, http:\/\/einfachsabine.de\/wp-content\/uploads\/2020\/12\/00064101-1365x2048.jpg 1365w, http:\/\/einfachsabine.de\/wp-content\/uploads\/2020\/12\/00064101-460x690.jpg 460w, http:\/\/einfachsabine.de\/wp-content\/uploads\/2020\/12\/00064101-scaled.jpg 1707w\" sizes=\"(max-width: 683px) 100vw, 683px\" \/><\/figure>\n","protected":false},"excerpt":{"rendered":"<p>Eigentlich war der Rock bodenlang und f\u00fcr eine festliche Abendrobe gedacht. Ich habe ihn aber auf Midil\u00e4nge gek\u00fcrzt und so einen alltagstauglichen Rock&hellip;<\/p>\n","protected":false},"author":1,"featured_media":655,"comment_status":"open","ping_status":"open","sticky":false,"template":"","format":"standard","meta":[],"categories":[5],"tags":[],"_links":{"self":[{"href":"http:\/\/einfachsabine.de\/index.php?rest_route=\/wp\/v2\/posts\/654"}],"collection":[{"href":"http:\/\/einfachsabine.de\/index.php?rest_route=\/wp\/v2\/posts"}],"about":[{"href":"http:\/\/einfachsabine.de\/index.php?rest_route=\/wp\/v2\/types\/post"}],"author":[{"embeddable":true,"href":"http:\/\/einfachsabine.de\/index.php?rest_route=\/wp\/v2\/users\/1"}],"replies":[{"embeddable":true,"href":"http:\/\/einfachsabine.de\/index.php?rest_route=%2Fwp%2Fv2%2Fcomments&post=654"}],"version-history":[{"count":2,"href":"http:\/\/einfachsabine.de\/index.php?rest_route=\/wp\/v2\/posts\/654\/revisions"}],"predecessor-version":[{"id":660,"href":"http:\/\/einfachsabine.de\/index.php?rest_route=\/wp\/v2\/posts\/654\/revisions\/660"}],"wp:featuredmedia":[{"embeddable":true,"href":"http:\/\/einfachsabine.de\/index.php?rest_route=\/wp\/v2\/media\/655"}],"wp:attachment":[{"href":"http:\/\/einfachsabine.de\/index.php?rest_route=%2Fwp%2Fv2%2Fmedia&parent=654"}],"wp:term":[{"taxonomy":"category","embeddable":true,"href":"http:\/\/einfachsabine.de\/index.php?rest_route=%2Fwp%2Fv2%2Fcategories&post=654"},{"taxonomy":"post_tag","embeddable":true,"href":"http:\/\/einfachsabine.de\/index.php?rest_route=%2Fwp%2Fv2%2Ftags&post=654"}],"curies":[{"name":"wp","href":"https:\/\/api.w.org\/{rel}","templated":true}]}}