{"id":77,"date":"2020-10-26T00:21:35","date_gmt":"2020-10-25T23:21:35","guid":{"rendered":"http:\/\/einfachsabine.de\/?p=77"},"modified":"2020-10-28T23:04:04","modified_gmt":"2020-10-28T22:04:04","slug":"schwarz-mit-beige","status":"publish","type":"post","link":"http:\/\/einfachsabine.de\/?p=77","title":{"rendered":"Schwarz mit Beige"},"content":{"rendered":"\n<p>Maxikleider sind mein Lieblingskleidungsst\u00fcck in diesem Jahr. Das schwarze Kleid mit Bl\u00fcmchenmuster und G\u00fcrtel habe ich mal etwas schicker mit hohen Stiefeletten kombiniert. Der Mantel, auch in Maxil\u00e4nge, passt perfekt dazu. Eine kurze Lederjacke w\u00e4re sicher auch eine tolle Kombination.<\/p>\n\n\n\n<figure class=\"wp-block-image size-large\"><img loading=\"lazy\" width=\"683\" height=\"1024\" src=\"http:\/\/einfachsabine.de\/wp-content\/uploads\/2020\/10\/Schwarz2-683x1024.jpg\" alt=\"\" class=\"wp-image-131\" srcset=\"http:\/\/einfachsabine.de\/wp-content\/uploads\/2020\/10\/Schwarz2-683x1024.jpg 683w, http:\/\/einfachsabine.de\/wp-content\/uploads\/2020\/10\/Schwarz2-200x300.jpg 200w, http:\/\/einfachsabine.de\/wp-content\/uploads\/2020\/10\/Schwarz2-768x1152.jpg 768w, http:\/\/einfachsabine.de\/wp-content\/uploads\/2020\/10\/Schwarz2-1024x1536.jpg 1024w, http:\/\/einfachsabine.de\/wp-content\/uploads\/2020\/10\/Schwarz2-1365x2048.jpg 1365w, http:\/\/einfachsabine.de\/wp-content\/uploads\/2020\/10\/Schwarz2-460x690.jpg 460w, http:\/\/einfachsabine.de\/wp-content\/uploads\/2020\/10\/Schwarz2-scaled.jpg 1707w\" sizes=\"(max-width: 683px) 100vw, 683px\" \/><\/figure>\n\n\n\n<figure class=\"wp-block-image size-large\"><img loading=\"lazy\" width=\"683\" height=\"1024\" src=\"http:\/\/einfachsabine.de\/wp-content\/uploads\/2020\/10\/schwarz3-683x1024.jpg\" alt=\"\" class=\"wp-image-133\" srcset=\"http:\/\/einfachsabine.de\/wp-content\/uploads\/2020\/10\/schwarz3-683x1024.jpg 683w, http:\/\/einfachsabine.de\/wp-content\/uploads\/2020\/10\/schwarz3-200x300.jpg 200w, http:\/\/einfachsabine.de\/wp-content\/uploads\/2020\/10\/schwarz3-768x1152.jpg 768w, http:\/\/einfachsabine.de\/wp-content\/uploads\/2020\/10\/schwarz3-1024x1536.jpg 1024w, http:\/\/einfachsabine.de\/wp-content\/uploads\/2020\/10\/schwarz3-1365x2048.jpg 1365w, http:\/\/einfachsabine.de\/wp-content\/uploads\/2020\/10\/schwarz3-460x690.jpg 460w, http:\/\/einfachsabine.de\/wp-content\/uploads\/2020\/10\/schwarz3-scaled.jpg 1707w\" sizes=\"(max-width: 683px) 100vw, 683px\" \/><\/figure>\n\n\n\n<figure class=\"wp-block-image size-large\"><img loading=\"lazy\" width=\"683\" height=\"1024\" src=\"http:\/\/einfachsabine.de\/wp-content\/uploads\/2020\/10\/schwarz4-683x1024.jpg\" alt=\"\" class=\"wp-image-183\" srcset=\"http:\/\/einfachsabine.de\/wp-content\/uploads\/2020\/10\/schwarz4-683x1024.jpg 683w, http:\/\/einfachsabine.de\/wp-content\/uploads\/2020\/10\/schwarz4-200x300.jpg 200w, http:\/\/einfachsabine.de\/wp-content\/uploads\/2020\/10\/schwarz4-768x1152.jpg 768w, http:\/\/einfachsabine.de\/wp-content\/uploads\/2020\/10\/schwarz4-1024x1536.jpg 1024w, http:\/\/einfachsabine.de\/wp-content\/uploads\/2020\/10\/schwarz4-1365x2048.jpg 1365w, http:\/\/einfachsabine.de\/wp-content\/uploads\/2020\/10\/schwarz4-460x690.jpg 460w, http:\/\/einfachsabine.de\/wp-content\/uploads\/2020\/10\/schwarz4-scaled.jpg 1707w\" sizes=\"(max-width: 683px) 100vw, 683px\" \/><\/figure>\n","protected":false},"excerpt":{"rendered":"<p>Maxikleider sind mein Lieblingskleidungsst\u00fcck in diesem Jahr. Das schwarze Kleid mit Bl\u00fcmchenmuster und G\u00fcrtel habe ich mal etwas schicker mit hohen Stiefeletten kombiniert.&hellip;<\/p>\n","protected":false},"author":1,"featured_media":78,"comment_status":"open","ping_status":"open","sticky":false,"template":"","format":"standard","meta":[],"categories":[5],"tags":[],"_links":{"self":[{"href":"http:\/\/einfachsabine.de\/index.php?rest_route=\/wp\/v2\/posts\/77"}],"collection":[{"href":"http:\/\/einfachsabine.de\/index.php?rest_route=\/wp\/v2\/posts"}],"about":[{"href":"http:\/\/einfachsabine.de\/index.php?rest_route=\/wp\/v2\/types\/post"}],"author":[{"embeddable":true,"href":"http:\/\/einfachsabine.de\/index.php?rest_route=\/wp\/v2\/users\/1"}],"replies":[{"embeddable":true,"href":"http:\/\/einfachsabine.de\/index.php?rest_route=%2Fwp%2Fv2%2Fcomments&post=77"}],"version-history":[{"count":4,"href":"http:\/\/einfachsabine.de\/index.php?rest_route=\/wp\/v2\/posts\/77\/revisions"}],"predecessor-version":[{"id":184,"href":"http:\/\/einfachsabine.de\/index.php?rest_route=\/wp\/v2\/posts\/77\/revisions\/184"}],"wp:featuredmedia":[{"embeddable":true,"href":"http:\/\/einfachsabine.de\/index.php?rest_route=\/wp\/v2\/media\/78"}],"wp:attachment":[{"href":"http:\/\/einfachsabine.de\/index.php?rest_route=%2Fwp%2Fv2%2Fmedia&parent=77"}],"wp:term":[{"taxonomy":"category","embeddable":true,"href":"http:\/\/einfachsabine.de\/index.php?rest_route=%2Fwp%2Fv2%2Fcategories&post=77"},{"taxonomy":"post_tag","embeddable":true,"href":"http:\/\/einfachsabine.de\/index.php?rest_route=%2Fwp%2Fv2%2Ftags&post=77"}],"curies":[{"name":"wp","href":"https:\/\/api.w.org\/{rel}","templated":true}]}}